{"id":31009,"date":"2025-06-24T14:07:26","date_gmt":"2025-06-24T12:07:26","guid":{"rendered":"https:\/\/arxivar.ch\/?p=31009"},"modified":"2025-06-24T14:14:44","modified_gmt":"2025-06-24T12:14:44","slug":"digitalisierung-des-personalmanagements-fuer-pflegeeinrichtungen","status":"publish","type":"post","link":"https:\/\/arxivar.ch\/de\/digitalisierung-des-personalmanagements-fuer-pflegeeinrichtungen\/","title":{"rendered":"Digitalisierung des Personalmanagements f\u00fcr Pflegeeinrichtungen"},"content":{"rendered":"<div class=\"su-row\">\n<div class=\"su-column su-column-size-1-2\"><div class=\"su-column-inner su-u-clearfix su-u-trim\">\n<p>Im Jahr 2020 begann eine autonome Einrichtung, die Seniorenheime, Kindertagesst\u00e4tten und ein Institut f\u00fcr Minderj\u00e4hrige betreibt, einen bedeutenden Transformationsprozess.<\/p>\n<p>Der Bedarf, den Personalbereich zu verbessern und weiterzuentwickeln, ergab sich im Zuge der neu erlangten Autonomie.<\/p>\n<p>In diesem Kontext wandte sich die Einrichtung an <b>CHC Business Solutions SA<\/b>, um Unterst\u00fctzung im Bereich <b>Dokumentenmanagement<\/b> zu erhalten.<\/p>\n<\/div><\/div>\n<div class=\"su-column su-column-size-1-2\"><div class=\"su-column-inner su-u-clearfix su-u-trim\">\n<p><img fetchpriority=\"high\" decoding=\"async\" class=\"alignnone wp-image-31010 size-full\" src=\"https:\/\/arxivar.ch\/wp-content\/uploads\/2025\/06\/soluzione-di-successo-lis-lugano-arxivar-next.jpg\" alt=\"\" width=\"1200\" height=\"800\" srcset=\"https:\/\/arxivar.ch\/wp-content\/uploads\/2025\/06\/soluzione-di-successo-lis-lugano-arxivar-next.jpg 1200w, https:\/\/arxivar.ch\/wp-content\/uploads\/2025\/06\/soluzione-di-successo-lis-lugano-arxivar-next-300x200.jpg 300w, https:\/\/arxivar.ch\/wp-content\/uploads\/2025\/06\/soluzione-di-successo-lis-lugano-arxivar-next-1024x683.jpg 1024w, https:\/\/arxivar.ch\/wp-content\/uploads\/2025\/06\/soluzione-di-successo-lis-lugano-arxivar-next-768x512.jpg 768w\" sizes=\"(max-width: 1200px) 100vw, 1200px\" \/><\/p>\n<\/div><\/div>\n<\/div>\n<hr \/>\n<h2>Die Ausgangslage<\/h2>\n<p>Die zentrale Herausforderung bestand in der <b>Digitalisierung des Personalmanagements<\/b>, nicht nur im HR-Bereich, sondern auch in der Verwaltung.<\/p>\n<p>Aufgrund der komplexen Organisationsstruktur \u2013 mit mehreren Abteilungen, die unterschiedliche Anforderungen in den Pflege- und Bildungsbereichen hatten \u2013 war es entscheidend, <b>flexible L\u00f6sungen zu finden<\/b>, die diesen unterschiedlichen Bed\u00fcrfnissen gerecht werden konnten.<\/p>\n<hr \/>\n<h2>Die L\u00f6sung von CHC<\/h2>\n<p>Wir f\u00fchrten eine gr\u00fcndliche Planungs- und Analysephase durch, um die spezifischen Anforderungen der Einrichtung zu verstehen und gezielt zu adressieren.<\/p>\n<p>Daraufhin schlugen wir eine L\u00f6sung vor, um das Personalmanagement in allen Einrichtungen zu digitalisieren, <b>Arbeitsabl\u00e4ufe zu optimieren<\/b> und die <b>interne Kommunikation zu erleichtern<\/b>.<\/p>\n<p>Zu den umgesetzten Massnahmen geh\u00f6rten:<\/p>\n<div class=\"su-row\">\n<div class=\"su-column su-column-size-1-2\"><div class=\"su-column-inner su-u-clearfix su-u-trim\">\n<ul>\n<li><b>Digitalisierung der Mitarbeiterdossiers<\/b><b><br \/>\n<\/b><\/li>\n<li><b>Elektronische Verwaltung von Lohnabrechnungen und Arbeitszeiten<\/b><\/li>\n<\/ul>\n<\/div><\/div>\n<div class=\"su-column su-column-size-1-2\"><div class=\"su-column-inner su-u-clearfix su-u-trim\">\n<ul>\n<li><b>Digitalisierte Bewerbungsprozesse<\/b><\/li>\n<li><b><b style=\"font-size: inherit;\">Integration eines Intranets<\/b> in ARXivar NEXT zur weiteren Verbesserung der internen Kommunikation<\/b><\/li>\n<\/ul>\n<\/div><\/div>\n<\/div>\n<h2>Erzielte Vorteile<\/h2>\n<p>Die Arbeit der Einrichtung wurde deutlich effizienter, mit einer <b>klareren Aufgabenverteilung<\/b> und einer <b>schnelleren, reibungsloseren Kommunikation<\/b> zwischen den Abteilungen.<\/p>\n<p>Die neue L\u00f6sung <b>lie\u00df sich nahtlos in bestehende IT-Systeme integrieren<\/b> und unterst\u00fctzte die Einrichtung dabei, <b>den neuen Datenschutzvorgaben gerecht zu werden<\/b>.<\/p>\n","protected":false},"excerpt":{"rendered":"<p>Die Ausgangslage Die zentrale Herausforderung bestand in der Digitalisierung des Personalmanagements, nicht nur im HR-Bereich, sondern auch in der Verwaltung. Aufgrund der komplexen Organisationsstruktur \u2013 mit mehreren Abteilungen, die unterschiedliche Anforderungen in den Pflege- und Bildungsbereichen hatten \u2013 war es entscheidend, flexible L\u00f6sungen zu finden, die diesen unterschiedlichen Bed\u00fcrfnissen gerecht werden konnten. Die L\u00f6sung von &#8230; <a title=\"Digitalisierung des Personalmanagements f\u00fcr Pflegeeinrichtungen\" class=\"read-more\" href=\"https:\/\/arxivar.ch\/de\/digitalisierung-des-personalmanagements-fuer-pflegeeinrichtungen\/\" aria-label=\"Mehr Informationen \u00fcber Digitalisierung des Personalmanagements f\u00fcr Pflegeeinrichtungen\">Weiterlesen<\/a><\/p>\n","protected":false},"author":1,"featured_media":31010,"comment_status":"open","ping_status":"open","sticky":false,"template":"","format":"standard","meta":{"footnotes":""},"categories":[7],"tags":[],"class_list":["post-31009","post","type-post","status-publish","format-standard","has-post-thumbnail","hentry","category-unkategorisiert"],"yoast_head":"<!-- This site is optimized with the Yoast SEO plugin v27.4 - https:\/\/yoast.com\/product\/yoast-seo-wordpress\/ -->\n<title>Digitalisierung des Personalmanagements f\u00fcr Pflegeeinrichtungen - ARXivar<\/title>\n<meta name=\"robots\" content=\"index, follow, max-snippet:-1, max-image-preview:large, max-video-preview:-1\" \/>\n<link rel=\"canonical\" href=\"https:\/\/arxivar.ch\/de\/digitalisierung-des-personalmanagements-fuer-pflegeeinrichtungen\/\" \/>\n<meta property=\"og:locale\" content=\"de_DE\" \/>\n<meta property=\"og:type\" content=\"article\" \/>\n<meta property=\"og:title\" content=\"Digitalisierung des Personalmanagements f\u00fcr Pflegeeinrichtungen - ARXivar\" \/>\n<meta property=\"og:description\" content=\"Die Ausgangslage Die zentrale Herausforderung bestand in der Digitalisierung des Personalmanagements, nicht nur im HR-Bereich, sondern auch in der Verwaltung. Aufgrund der komplexen Organisationsstruktur \u2013 mit mehreren Abteilungen, die unterschiedliche Anforderungen in den Pflege- und Bildungsbereichen hatten \u2013 war es entscheidend, flexible L\u00f6sungen zu finden, die diesen unterschiedlichen Bed\u00fcrfnissen gerecht werden konnten. Die L\u00f6sung von ... Weiterlesen\" \/>\n<meta property=\"og:url\" content=\"https:\/\/arxivar.ch\/de\/digitalisierung-des-personalmanagements-fuer-pflegeeinrichtungen\/\" \/>\n<meta property=\"og:site_name\" content=\"ARXivar\" \/>\n<meta property=\"article:published_time\" content=\"2025-06-24T12:07:26+00:00\" \/>\n<meta property=\"article:modified_time\" content=\"2025-06-24T12:14:44+00:00\" \/>\n<meta property=\"og:image\" content=\"https:\/\/arxivar.ch\/wp-content\/uploads\/2025\/06\/soluzione-di-successo-lis-lugano-arxivar-next.jpg\" \/>\n\t<meta property=\"og:image:width\" content=\"1200\" \/>\n\t<meta property=\"og:image:height\" content=\"800\" \/>\n\t<meta property=\"og:image:type\" content=\"image\/jpeg\" \/>\n<meta name=\"author\" content=\"GSite-Admin\" \/>\n<meta name=\"twitter:card\" content=\"summary_large_image\" \/>\n<meta name=\"twitter:label1\" content=\"Verfasst von\" \/>\n\t<meta name=\"twitter:data1\" content=\"GSite-Admin\" \/>\n\t<meta name=\"twitter:label2\" content=\"Gesch\u00e4tzte Lesezeit\" \/>\n\t<meta name=\"twitter:data2\" content=\"2\u00a0Minuten\" \/>\n<script type=\"application\/ld+json\" class=\"yoast-schema-graph\">{\"@context\":\"https:\\\/\\\/schema.org\",\"@graph\":[{\"@type\":\"Article\",\"@id\":\"https:\\\/\\\/arxivar.ch\\\/de\\\/digitalisierung-des-personalmanagements-fuer-pflegeeinrichtungen\\\/#article\",\"isPartOf\":{\"@id\":\"https:\\\/\\\/arxivar.ch\\\/de\\\/digitalisierung-des-personalmanagements-fuer-pflegeeinrichtungen\\\/\"},\"author\":{\"name\":\"GSite-Admin\",\"@id\":\"https:\\\/\\\/arxivar.ch\\\/#\\\/schema\\\/person\\\/0fd4cc94cdb174e0b2d0936aba171833\"},\"headline\":\"Digitalisierung des Personalmanagements f\u00fcr Pflegeeinrichtungen\",\"datePublished\":\"2025-06-24T12:07:26+00:00\",\"dateModified\":\"2025-06-24T12:14:44+00:00\",\"mainEntityOfPage\":{\"@id\":\"https:\\\/\\\/arxivar.ch\\\/de\\\/digitalisierung-des-personalmanagements-fuer-pflegeeinrichtungen\\\/\"},\"wordCount\":280,\"commentCount\":0,\"publisher\":{\"@id\":\"https:\\\/\\\/arxivar.ch\\\/#organization\"},\"image\":{\"@id\":\"https:\\\/\\\/arxivar.ch\\\/de\\\/digitalisierung-des-personalmanagements-fuer-pflegeeinrichtungen\\\/#primaryimage\"},\"thumbnailUrl\":\"https:\\\/\\\/arxivar.ch\\\/wp-content\\\/uploads\\\/2025\\\/06\\\/soluzione-di-successo-lis-lugano-arxivar-next.jpg\",\"articleSection\":[\"Unkategorisiert\"],\"inLanguage\":\"de\",\"potentialAction\":[{\"@type\":\"CommentAction\",\"name\":\"Comment\",\"target\":[\"https:\\\/\\\/arxivar.ch\\\/de\\\/digitalisierung-des-personalmanagements-fuer-pflegeeinrichtungen\\\/#respond\"]}]},{\"@type\":\"WebPage\",\"@id\":\"https:\\\/\\\/arxivar.ch\\\/de\\\/digitalisierung-des-personalmanagements-fuer-pflegeeinrichtungen\\\/\",\"url\":\"https:\\\/\\\/arxivar.ch\\\/de\\\/digitalisierung-des-personalmanagements-fuer-pflegeeinrichtungen\\\/\",\"name\":\"Digitalisierung des Personalmanagements f\u00fcr Pflegeeinrichtungen - ARXivar\",\"isPartOf\":{\"@id\":\"https:\\\/\\\/arxivar.ch\\\/#website\"},\"primaryImageOfPage\":{\"@id\":\"https:\\\/\\\/arxivar.ch\\\/de\\\/digitalisierung-des-personalmanagements-fuer-pflegeeinrichtungen\\\/#primaryimage\"},\"image\":{\"@id\":\"https:\\\/\\\/arxivar.ch\\\/de\\\/digitalisierung-des-personalmanagements-fuer-pflegeeinrichtungen\\\/#primaryimage\"},\"thumbnailUrl\":\"https:\\\/\\\/arxivar.ch\\\/wp-content\\\/uploads\\\/2025\\\/06\\\/soluzione-di-successo-lis-lugano-arxivar-next.jpg\",\"datePublished\":\"2025-06-24T12:07:26+00:00\",\"dateModified\":\"2025-06-24T12:14:44+00:00\",\"breadcrumb\":{\"@id\":\"https:\\\/\\\/arxivar.ch\\\/de\\\/digitalisierung-des-personalmanagements-fuer-pflegeeinrichtungen\\\/#breadcrumb\"},\"inLanguage\":\"de\",\"potentialAction\":[{\"@type\":\"ReadAction\",\"target\":[\"https:\\\/\\\/arxivar.ch\\\/de\\\/digitalisierung-des-personalmanagements-fuer-pflegeeinrichtungen\\\/\"]}]},{\"@type\":\"ImageObject\",\"inLanguage\":\"de\",\"@id\":\"https:\\\/\\\/arxivar.ch\\\/de\\\/digitalisierung-des-personalmanagements-fuer-pflegeeinrichtungen\\\/#primaryimage\",\"url\":\"https:\\\/\\\/arxivar.ch\\\/wp-content\\\/uploads\\\/2025\\\/06\\\/soluzione-di-successo-lis-lugano-arxivar-next.jpg\",\"contentUrl\":\"https:\\\/\\\/arxivar.ch\\\/wp-content\\\/uploads\\\/2025\\\/06\\\/soluzione-di-successo-lis-lugano-arxivar-next.jpg\",\"width\":1200,\"height\":800},{\"@type\":\"BreadcrumbList\",\"@id\":\"https:\\\/\\\/arxivar.ch\\\/de\\\/digitalisierung-des-personalmanagements-fuer-pflegeeinrichtungen\\\/#breadcrumb\",\"itemListElement\":[{\"@type\":\"ListItem\",\"position\":1,\"name\":\"Home\",\"item\":\"https:\\\/\\\/arxivar.ch\\\/\"},{\"@type\":\"ListItem\",\"position\":2,\"name\":\"Digitalisierung des Personalmanagements f\u00fcr Pflegeeinrichtungen\"}]},{\"@type\":\"WebSite\",\"@id\":\"https:\\\/\\\/arxivar.ch\\\/#website\",\"url\":\"https:\\\/\\\/arxivar.ch\\\/\",\"name\":\"ARXivar\",\"description\":\"Software di gestione digitale dei processi\",\"publisher\":{\"@id\":\"https:\\\/\\\/arxivar.ch\\\/#organization\"},\"potentialAction\":[{\"@type\":\"SearchAction\",\"target\":{\"@type\":\"EntryPoint\",\"urlTemplate\":\"https:\\\/\\\/arxivar.ch\\\/?s={search_term_string}\"},\"query-input\":{\"@type\":\"PropertyValueSpecification\",\"valueRequired\":true,\"valueName\":\"search_term_string\"}}],\"inLanguage\":\"de\"},{\"@type\":\"Organization\",\"@id\":\"https:\\\/\\\/arxivar.ch\\\/#organization\",\"name\":\"ARXivar\",\"url\":\"https:\\\/\\\/arxivar.ch\\\/\",\"logo\":{\"@type\":\"ImageObject\",\"inLanguage\":\"de\",\"@id\":\"https:\\\/\\\/arxivar.ch\\\/#\\\/schema\\\/logo\\\/image\\\/\",\"url\":\"https:\\\/\\\/arxivar.ch\\\/wp-content\\\/uploads\\\/2026\\\/01\\\/CHC_ARXivar_logo_new.png\",\"contentUrl\":\"https:\\\/\\\/arxivar.ch\\\/wp-content\\\/uploads\\\/2026\\\/01\\\/CHC_ARXivar_logo_new.png\",\"width\":500,\"height\":104,\"caption\":\"ARXivar\"},\"image\":{\"@id\":\"https:\\\/\\\/arxivar.ch\\\/#\\\/schema\\\/logo\\\/image\\\/\"}},{\"@type\":\"Person\",\"@id\":\"https:\\\/\\\/arxivar.ch\\\/#\\\/schema\\\/person\\\/0fd4cc94cdb174e0b2d0936aba171833\",\"name\":\"GSite-Admin\",\"image\":{\"@type\":\"ImageObject\",\"inLanguage\":\"de\",\"@id\":\"https:\\\/\\\/secure.gravatar.com\\\/avatar\\\/684fb970cc5f314611fe954437b4492b03157894d814a92fa29d2884ceae5d51?s=96&d=mm&r=g\",\"url\":\"https:\\\/\\\/secure.gravatar.com\\\/avatar\\\/684fb970cc5f314611fe954437b4492b03157894d814a92fa29d2884ceae5d51?s=96&d=mm&r=g\",\"contentUrl\":\"https:\\\/\\\/secure.gravatar.com\\\/avatar\\\/684fb970cc5f314611fe954437b4492b03157894d814a92fa29d2884ceae5d51?s=96&d=mm&r=g\",\"caption\":\"GSite-Admin\"},\"sameAs\":[\"https:\\\/\\\/arxivar.ch\"],\"url\":\"https:\\\/\\\/arxivar.ch\\\/de\\\/author\\\/gsite-admin\\\/\"}]}<\/script>\n<!-- \/ Yoast SEO plugin. -->","yoast_head_json":{"title":"Digitalisierung des Personalmanagements f\u00fcr Pflegeeinrichtungen - ARXivar","robots":{"index":"index","follow":"follow","max-snippet":"max-snippet:-1","max-image-preview":"max-image-preview:large","max-video-preview":"max-video-preview:-1"},"canonical":"https:\/\/arxivar.ch\/de\/digitalisierung-des-personalmanagements-fuer-pflegeeinrichtungen\/","og_locale":"de_DE","og_type":"article","og_title":"Digitalisierung des Personalmanagements f\u00fcr Pflegeeinrichtungen - ARXivar","og_description":"Die Ausgangslage Die zentrale Herausforderung bestand in der Digitalisierung des Personalmanagements, nicht nur im HR-Bereich, sondern auch in der Verwaltung. Aufgrund der komplexen Organisationsstruktur \u2013 mit mehreren Abteilungen, die unterschiedliche Anforderungen in den Pflege- und Bildungsbereichen hatten \u2013 war es entscheidend, flexible L\u00f6sungen zu finden, die diesen unterschiedlichen Bed\u00fcrfnissen gerecht werden konnten. Die L\u00f6sung von ... Weiterlesen","og_url":"https:\/\/arxivar.ch\/de\/digitalisierung-des-personalmanagements-fuer-pflegeeinrichtungen\/","og_site_name":"ARXivar","article_published_time":"2025-06-24T12:07:26+00:00","article_modified_time":"2025-06-24T12:14:44+00:00","og_image":[{"width":1200,"height":800,"url":"https:\/\/arxivar.ch\/wp-content\/uploads\/2025\/06\/soluzione-di-successo-lis-lugano-arxivar-next.jpg","type":"image\/jpeg"}],"author":"GSite-Admin","twitter_card":"summary_large_image","twitter_misc":{"Verfasst von":"GSite-Admin","Gesch\u00e4tzte Lesezeit":"2\u00a0Minuten"},"schema":{"@context":"https:\/\/schema.org","@graph":[{"@type":"Article","@id":"https:\/\/arxivar.ch\/de\/digitalisierung-des-personalmanagements-fuer-pflegeeinrichtungen\/#article","isPartOf":{"@id":"https:\/\/arxivar.ch\/de\/digitalisierung-des-personalmanagements-fuer-pflegeeinrichtungen\/"},"author":{"name":"GSite-Admin","@id":"https:\/\/arxivar.ch\/#\/schema\/person\/0fd4cc94cdb174e0b2d0936aba171833"},"headline":"Digitalisierung des Personalmanagements f\u00fcr Pflegeeinrichtungen","datePublished":"2025-06-24T12:07:26+00:00","dateModified":"2025-06-24T12:14:44+00:00","mainEntityOfPage":{"@id":"https:\/\/arxivar.ch\/de\/digitalisierung-des-personalmanagements-fuer-pflegeeinrichtungen\/"},"wordCount":280,"commentCount":0,"publisher":{"@id":"https:\/\/arxivar.ch\/#organization"},"image":{"@id":"https:\/\/arxivar.ch\/de\/digitalisierung-des-personalmanagements-fuer-pflegeeinrichtungen\/#primaryimage"},"thumbnailUrl":"https:\/\/arxivar.ch\/wp-content\/uploads\/2025\/06\/soluzione-di-successo-lis-lugano-arxivar-next.jpg","articleSection":["Unkategorisiert"],"inLanguage":"de","potentialAction":[{"@type":"CommentAction","name":"Comment","target":["https:\/\/arxivar.ch\/de\/digitalisierung-des-personalmanagements-fuer-pflegeeinrichtungen\/#respond"]}]},{"@type":"WebPage","@id":"https:\/\/arxivar.ch\/de\/digitalisierung-des-personalmanagements-fuer-pflegeeinrichtungen\/","url":"https:\/\/arxivar.ch\/de\/digitalisierung-des-personalmanagements-fuer-pflegeeinrichtungen\/","name":"Digitalisierung des Personalmanagements f\u00fcr Pflegeeinrichtungen - ARXivar","isPartOf":{"@id":"https:\/\/arxivar.ch\/#website"},"primaryImageOfPage":{"@id":"https:\/\/arxivar.ch\/de\/digitalisierung-des-personalmanagements-fuer-pflegeeinrichtungen\/#primaryimage"},"image":{"@id":"https:\/\/arxivar.ch\/de\/digitalisierung-des-personalmanagements-fuer-pflegeeinrichtungen\/#primaryimage"},"thumbnailUrl":"https:\/\/arxivar.ch\/wp-content\/uploads\/2025\/06\/soluzione-di-successo-lis-lugano-arxivar-next.jpg","datePublished":"2025-06-24T12:07:26+00:00","dateModified":"2025-06-24T12:14:44+00:00","breadcrumb":{"@id":"https:\/\/arxivar.ch\/de\/digitalisierung-des-personalmanagements-fuer-pflegeeinrichtungen\/#breadcrumb"},"inLanguage":"de","potentialAction":[{"@type":"ReadAction","target":["https:\/\/arxivar.ch\/de\/digitalisierung-des-personalmanagements-fuer-pflegeeinrichtungen\/"]}]},{"@type":"ImageObject","inLanguage":"de","@id":"https:\/\/arxivar.ch\/de\/digitalisierung-des-personalmanagements-fuer-pflegeeinrichtungen\/#primaryimage","url":"https:\/\/arxivar.ch\/wp-content\/uploads\/2025\/06\/soluzione-di-successo-lis-lugano-arxivar-next.jpg","contentUrl":"https:\/\/arxivar.ch\/wp-content\/uploads\/2025\/06\/soluzione-di-successo-lis-lugano-arxivar-next.jpg","width":1200,"height":800},{"@type":"BreadcrumbList","@id":"https:\/\/arxivar.ch\/de\/digitalisierung-des-personalmanagements-fuer-pflegeeinrichtungen\/#breadcrumb","itemListElement":[{"@type":"ListItem","position":1,"name":"Home","item":"https:\/\/arxivar.ch\/"},{"@type":"ListItem","position":2,"name":"Digitalisierung des Personalmanagements f\u00fcr Pflegeeinrichtungen"}]},{"@type":"WebSite","@id":"https:\/\/arxivar.ch\/#website","url":"https:\/\/arxivar.ch\/","name":"ARXivar","description":"Software di gestione digitale dei processi","publisher":{"@id":"https:\/\/arxivar.ch\/#organization"},"potentialAction":[{"@type":"SearchAction","target":{"@type":"EntryPoint","urlTemplate":"https:\/\/arxivar.ch\/?s={search_term_string}"},"query-input":{"@type":"PropertyValueSpecification","valueRequired":true,"valueName":"search_term_string"}}],"inLanguage":"de"},{"@type":"Organization","@id":"https:\/\/arxivar.ch\/#organization","name":"ARXivar","url":"https:\/\/arxivar.ch\/","logo":{"@type":"ImageObject","inLanguage":"de","@id":"https:\/\/arxivar.ch\/#\/schema\/logo\/image\/","url":"https:\/\/arxivar.ch\/wp-content\/uploads\/2026\/01\/CHC_ARXivar_logo_new.png","contentUrl":"https:\/\/arxivar.ch\/wp-content\/uploads\/2026\/01\/CHC_ARXivar_logo_new.png","width":500,"height":104,"caption":"ARXivar"},"image":{"@id":"https:\/\/arxivar.ch\/#\/schema\/logo\/image\/"}},{"@type":"Person","@id":"https:\/\/arxivar.ch\/#\/schema\/person\/0fd4cc94cdb174e0b2d0936aba171833","name":"GSite-Admin","image":{"@type":"ImageObject","inLanguage":"de","@id":"https:\/\/secure.gravatar.com\/avatar\/684fb970cc5f314611fe954437b4492b03157894d814a92fa29d2884ceae5d51?s=96&d=mm&r=g","url":"https:\/\/secure.gravatar.com\/avatar\/684fb970cc5f314611fe954437b4492b03157894d814a92fa29d2884ceae5d51?s=96&d=mm&r=g","contentUrl":"https:\/\/secure.gravatar.com\/avatar\/684fb970cc5f314611fe954437b4492b03157894d814a92fa29d2884ceae5d51?s=96&d=mm&r=g","caption":"GSite-Admin"},"sameAs":["https:\/\/arxivar.ch"],"url":"https:\/\/arxivar.ch\/de\/author\/gsite-admin\/"}]}},"_links":{"self":[{"href":"https:\/\/arxivar.ch\/de\/wp-json\/wp\/v2\/posts\/31009","targetHints":{"allow":["GET"]}}],"collection":[{"href":"https:\/\/arxivar.ch\/de\/wp-json\/wp\/v2\/posts"}],"about":[{"href":"https:\/\/arxivar.ch\/de\/wp-json\/wp\/v2\/types\/post"}],"author":[{"embeddable":true,"href":"https:\/\/arxivar.ch\/de\/wp-json\/wp\/v2\/users\/1"}],"replies":[{"embeddable":true,"href":"https:\/\/arxivar.ch\/de\/wp-json\/wp\/v2\/comments?post=31009"}],"version-history":[{"count":3,"href":"https:\/\/arxivar.ch\/de\/wp-json\/wp\/v2\/posts\/31009\/revisions"}],"predecessor-version":[{"id":31018,"href":"https:\/\/arxivar.ch\/de\/wp-json\/wp\/v2\/posts\/31009\/revisions\/31018"}],"wp:featuredmedia":[{"embeddable":true,"href":"https:\/\/arxivar.ch\/de\/wp-json\/wp\/v2\/media\/31010"}],"wp:attachment":[{"href":"https:\/\/arxivar.ch\/de\/wp-json\/wp\/v2\/media?parent=31009"}],"wp:term":[{"taxonomy":"category","embeddable":true,"href":"https:\/\/arxivar.ch\/de\/wp-json\/wp\/v2\/categories?post=31009"},{"taxonomy":"post_tag","embeddable":true,"href":"https:\/\/arxivar.ch\/de\/wp-json\/wp\/v2\/tags?post=31009"}],"curies":[{"name":"wp","href":"https:\/\/api.w.org\/{rel}","templated":true}]}}